{"id":2952,"date":"2022-03-28T15:04:30","date_gmt":"2022-03-28T13:04:30","guid":{"rendered":"http:\/\/eurowerkstatt-jena.de\/?p=2952"},"modified":"2022-03-28T15:04:30","modified_gmt":"2022-03-28T13:04:30","slug":"changes-are-coming","status":"publish","type":"post","link":"https:\/\/eurowerkstatt-jena.de\/en\/2022\/03\/28\/changes-are-coming\/","title":{"rendered":"Changes are coming!"},"content":{"rendered":"<p>The well-known \"Casa Loca\" common area for volunteers is being restored. It will be the new Eurowerkstatt\u00a0office beginning on May 1st. However, just because the common space will be a new office does not mean the volunteers cannot hang out there!<\/p>\n\n\n\n<p>The office will still offer a place for volunteers to gather, watch movies on the beamer, and so forth. There is also a large garden, and the weather is known to improve. Keep an eye on our social media for further updates as the remodeling continues.<\/p>\n\n\n\n<figure class=\"wp-block-image size-large is-resized\"><img loading=\"lazy\" decoding=\"async\" src=\"http:\/\/eurowerkstatt-jena.de\/wp-content\/uploads\/2022\/03\/IMG_2467-1024x768.jpeg\" alt=\"\" class=\"wp-image-2953\" width=\"464\" height=\"348\" srcset=\"https:\/\/eurowerkstatt-jena.de\/wp-content\/uploads\/2022\/03\/IMG_2467-1024x768.jpeg 1024w, https:\/\/eurowerkstatt-jena.de\/wp-content\/uploads\/2022\/03\/IMG_2467-300x225.jpeg 300w, https:\/\/eurowerkstatt-jena.de\/wp-content\/uploads\/2022\/03\/IMG_2467-768x576.jpeg 768w, https:\/\/eurowerkstatt-jena.de\/wp-content\/uploads\/2022\/03\/IMG_2467-1536x1152.jpeg 1536w, https:\/\/eurowerkstatt-jena.de\/wp-content\/uploads\/2022\/03\/IMG_2467-2048x1536.jpeg 2048w, https:\/\/eurowerkstatt-jena.de\/wp-content\/uploads\/2022\/03\/IMG_2467-16x12.jpeg 16w, https:\/\/eurowerkstatt-jena.de\/wp-content\/uploads\/2022\/03\/IMG_2467-507x380.jpeg 507w\" sizes=\"auto, (max-width: 464px) 85vw, 464px\" \/><\/figure>\n\n\n\n<figure class=\"wp-block-image size-large is-resized\"><img loading=\"lazy\" decoding=\"async\" src=\"http:\/\/eurowerkstatt-jena.de\/wp-content\/uploads\/2022\/03\/IMG_2468-768x1024.jpeg\" alt=\"\" class=\"wp-image-2954\" width=\"462\" height=\"616\" srcset=\"https:\/\/eurowerkstatt-jena.de\/wp-content\/uploads\/2022\/03\/IMG_2468-768x1024.jpeg 768w, https:\/\/eurowerkstatt-jena.de\/wp-content\/uploads\/2022\/03\/IMG_2468-225x300.jpeg 225w, https:\/\/eurowerkstatt-jena.de\/wp-content\/uploads\/2022\/03\/IMG_2468-1152x1536.jpeg 1152w, https:\/\/eurowerkstatt-jena.de\/wp-content\/uploads\/2022\/03\/IMG_2468-1536x2048.jpeg 1536w, https:\/\/eurowerkstatt-jena.de\/wp-content\/uploads\/2022\/03\/IMG_2468-9x12.jpeg 9w, https:\/\/eurowerkstatt-jena.de\/wp-content\/uploads\/2022\/03\/IMG_2468-285x380.jpeg 285w, https:\/\/eurowerkstatt-jena.de\/wp-content\/uploads\/2022\/03\/IMG_2468-scaled.jpeg 1920w\" sizes=\"auto, (max-width: 462px) 85vw, 462px\" \/><\/figure>","protected":false},"excerpt":{"rendered":"<p>Das bekannte &#8222;Casa Loca&#8220;, der Gemeinschaftsraum f\u00fcr Freiwillige, wird renoviert. Er wird ab dem 1. Mai das neue B\u00fcro der Eurowerkstatt sein. Aber nur weil der Gemeinschaftsraum ein neues B\u00fcro sein wird, hei\u00dft das nicht, dass die Freiwilligen sich dort nicht aufhalten k\u00f6nnen! Das B\u00fcro wird immer noch ein Ort sein, an dem sich die &hellip; <a href=\"https:\/\/eurowerkstatt-jena.de\/en\/2022\/03\/28\/changes-are-coming\/\" class=\"more-link\">Continue reading<span class=\"screen-reader-text\"> &#8222;Changes are coming!&#8220;<\/span><\/a><\/p>","protected":false},"author":1,"featured_media":0,"comment_status":"open","ping_status":"open","sticky":false,"template":"","format":"standard","meta":{"give_campaign_id":0,"footnotes":""},"categories":[1],"tags":[],"class_list":["post-2952","post","type-post","status-publish","format-standard","hentry","category-uncategorized"],"_links":{"self":[{"href":"https:\/\/eurowerkstatt-jena.de\/en\/wp-json\/wp\/v2\/posts\/2952","targetHints":{"allow":["GET"]}}],"collection":[{"href":"https:\/\/eurowerkstatt-jena.de\/en\/wp-json\/wp\/v2\/posts"}],"about":[{"href":"https:\/\/eurowerkstatt-jena.de\/en\/wp-json\/wp\/v2\/types\/post"}],"author":[{"embeddable":true,"href":"https:\/\/eurowerkstatt-jena.de\/en\/wp-json\/wp\/v2\/users\/1"}],"replies":[{"embeddable":true,"href":"https:\/\/eurowerkstatt-jena.de\/en\/wp-json\/wp\/v2\/comments?post=2952"}],"version-history":[{"count":1,"href":"https:\/\/eurowerkstatt-jena.de\/en\/wp-json\/wp\/v2\/posts\/2952\/revisions"}],"predecessor-version":[{"id":2955,"href":"https:\/\/eurowerkstatt-jena.de\/en\/wp-json\/wp\/v2\/posts\/2952\/revisions\/2955"}],"wp:attachment":[{"href":"https:\/\/eurowerkstatt-jena.de\/en\/wp-json\/wp\/v2\/media?parent=2952"}],"wp:term":[{"taxonomy":"category","embeddable":true,"href":"https:\/\/eurowerkstatt-jena.de\/en\/wp-json\/wp\/v2\/categories?post=2952"},{"taxonomy":"post_tag","embeddable":true,"href":"https:\/\/eurowerkstatt-jena.de\/en\/wp-json\/wp\/v2\/tags?post=2952"}],"curies":[{"name":"wp","href":"https:\/\/api.w.org\/{rel}","templated":true}]}}