{"id":242,"date":"2017-01-12T11:54:20","date_gmt":"2017-01-12T10:54:20","guid":{"rendered":"http:\/\/eurowerkstatt-jena.de\/?p=242"},"modified":"2017-01-12T11:56:26","modified_gmt":"2017-01-12T10:56:26","slug":"freiwilligendienst-in-jena-13-junge-erwachsene-aus-7-landern-zu-gast","status":"publish","type":"post","link":"https:\/\/eurowerkstatt-jena.de\/en\/2017\/01\/12\/freiwilligendienst-in-jena-13-junge-erwachsene-aus-7-landern-zu-gast\/","title":{"rendered":"Voluntary service in Jena: 13 young adults from 7 countries as guests"},"content":{"rendered":"<div class=\"qp_headline\">\n<h1><img loading=\"lazy\" decoding=\"async\" class=\"size-medium wp-image-245 aligncenter\" src=\"http:\/\/eurowerkstatt-jena.de\/wp-content\/uploads\/2017\/01\/otz_header_logo-300x76.png\" alt=\"\" width=\"300\" height=\"76\" srcset=\"https:\/\/eurowerkstatt-jena.de\/wp-content\/uploads\/2017\/01\/otz_header_logo-300x76.png 300w, https:\/\/eurowerkstatt-jena.de\/wp-content\/uploads\/2017\/01\/otz_header_logo.png 399w\" sizes=\"auto, (max-width: 300px) 85vw, 300px\" \/><\/h1>\n<h1>Voluntary service in Jena: 13 young adults from 7 countries as guests<\/h1>\n<\/div>\n<div class=\"qp_console_top\"><\/div>\n<div id=\"gpt-adsene-article-top\" class=\"adsense-article\" data-google-query-id=\"\">\u00a0A European view of Jena: The Eurowerkstatt is currently looking after 13 young adults from 7 countries. They rave about Germany.<\/div>\n<p><span class=\"qp_date top\"><time datetime=\"2016-11-29 02:40:00 MEZ\">29. November 2016 \/ 02:40 Uhr<\/time><\/span><\/p>\n<div class=\"qp_text\">\n<p class=\"qp_bannerimg\"><img decoding=\"async\" class=\"qp_img\" src=\"http:\/\/media101.zgt.de.cdn.otz.de\/content\/92\/55\/91\/5I\/9255915ITOMV4DB_V4OXKHBUZNRMUWNSHYFONI528112016163\/D0R0008893119.JPG\" alt=\"Acht der dreizehn europ\u00e4ischen Freiwilligen. Foto: J\u00f6rdis Bachmann\" \/><em>Acht der dreizehn europ\u00e4ischen Freiwilligen. Foto: J\u00f6rdis Bachmann<\/em><\/p>\n<div class=\"article-wrapper\">\n<div id=\"sas_4459\" class=\"mr1 sas_delivered\"><\/div>\n<p>Jena. She says it is the first time she has experienced a country where she has the impression that the government cares about its citizens. \"People work and do something for their country, but Germany also does something for its people,\" says 29-year-old \u00d6zge from Turkey.<\/p>\n<div class=\"teads-inread\"><\/div>\n<p>\"However, the Germans I have talked to about this so far see it differently. They say the government has to do more. I think it's a shame when you don't see what you have.\" \u00d6zge is an assistant director, has worked on films such as \"Homicide Istanbul\" or the Dan Brown adaptation \"Inferno\" with Tom Hanks.<\/p>\n<p>\"I worked around the clock. There was no time for family or friends. I had completely lost sight of myself in the process. At some point I realised that I needed a break if I wanted to find out what I really wanted to do. The voluntary exchange year was a way for me to take that break. It helps me clear my head again, get my mind off work and get my bearings.\"<\/p>\n<p>\u00d6zge is one of a group of 13 young adults doing voluntary service in Jena. They are all well-educated young adults, like 23-year-old Juan, who studied psychology in Spain, or Angela, a translator and English teacher, also from Spain.<\/p>\n<p>Both agree with their fellow campaigner \u00d6zge: \"In Spain they demand money for everything. The training takes a long time and they demand money for every test you have to take. In return, you get - if at all - a poorly paid job, three euros an hour, with lousy work contracts and without any social security. It's different here,\" says Juan.<\/p>\n<div id=\"plista_outstream_ad\" class=\"plista-article\">\u00a0 Conny Bartlau heads the Jena-based association Eurowerkstatt, which has been sending young people from Jena all over Europe to do voluntary service since 2006. Since 2009, Eurowerkstatt has also coordinated the hosting of volunteers from Europe in Jena.<\/div>\n<p>For this purpose, the association has rented flats where the volunteers are accommodated in shared flats. The volunteers stay in Jena from two months to one year. During this time, they are involved in various social or cultural institutions.<\/p>\n<p>She was really touched when she visited the Klex youth centre for the first time, says \u00d6zge. \"Such a great offer for children and young people to spend their free time.\" Angela works in the Montessori kindergarten and is also enthusiastic: \"It is really interesting for me to see how the children are supported there. In Spain, there have been many educational reforms, but never good ones. It has nothing to do with 'reform education'<\/p>\n<p>Anastasia is a young designer. \"In Russia I drew a lot of commissioned portraits. That worked well, but I plan to reorient myself. I'm now doing a project with children at the Winzerla leisure shop, I really like it.\"<\/p>\n<p>Conny Bartlau points out that there are still places available for the volunteer year in Vladimir. \"Unfortunately, Russia probably doesn't seem very attractive to many young Germans for an exchange year right now.\"<\/p>\n<p>22-year-old Iakov would like to change that. He is also from Russia and currently works at the Hugo youth centre, where he has already organised a Russian evening. \"For me, it's about breaking down the stereotypes about my home country and doing away with prejudices,\" he says.<\/p>\n<p>On 15 December 2016, an open Russian evening with typical Russian food will therefore be organised at the Eurowerkstatt at L\u00f6bdergraben 28. \"All interested parties are cordially invited to attend from 1 pm,\" says Conny Bartlau.<\/p>\n<h3>Co-tenant wanted for L\u00f6bdergraben 28<\/h3>\n<p>She also takes the opportunity to point out that a co-tenant is being sought at L\u00f6bdergraben 28. The Eurowerkstatt Jena association used to share the rooms with the \u00dcberbetriebliche Ausbildungsgesellschaft, which is now moving.<\/p>\n<p>\"In order to be able to continue using these rooms close to the centre, we now need a new co-tenant,\" says Conny Bartlau.<\/p>\n<p>The Eurowerkstatt also plans, among other things, excursions and a festival together with the 13 European volunteers. At the moment, the young Europeans meet regularly for an additional language course. While speaking German is no longer a big problem for some, others still have to make an effort.<\/p>\n<p>And while they gain many new experiences and learn a new language, they leave their footprints in Jena with their volunteer work.<\/p>\n<\/div>\n<\/div>\n<div class=\"qp_docinfo\"><span class=\"qp_author\">J\u00f6rdis Bachmann <\/span>\/ <span class=\"qp_date\">29.11.16<\/span><\/div>\n<div class=\"qp_docinfo\"><\/div>\n<div class=\"qp_docinfo\">For the Original Please click on\u00a0<a href=\"http:\/\/jena.otz.de\/web\/lokal\/leben\/detail\/-\/specific\/Freiwilligendienst-in-Jena-13-junge-Erwachsene-aus-7-Laendern-zu-Gast-1652585657#.WD12tbsRGFw.email\">Link<\/a><\/div>","protected":false},"excerpt":{"rendered":"<p>Freiwilligendienst in Jena: 13 junge Erwachsene aus 7 L\u00e4ndern zu Gast \u00a0Ein europ\u00e4ischer Blick auf Jena: Die Eurowerkstatt betreut derzeit 13 junge Erwachsene aus 7 L\u00e4ndern. Sie schw\u00e4rmen von Deutschland. 29. November 2016 \/ 02:40 Uhr Acht der dreizehn europ\u00e4ischen Freiwilligen. Foto: J\u00f6rdis Bachmann Jena. Es sei das erste Mal, dass sie ein Land kennenlernt, &hellip; <a href=\"https:\/\/eurowerkstatt-jena.de\/en\/2017\/01\/12\/freiwilligendienst-in-jena-13-junge-erwachsene-aus-7-landern-zu-gast\/\" class=\"more-link\">Continue reading<span class=\"screen-reader-text\"> &#8222;Freiwilligendienst in Jena: 13 junge Erwachsene aus 7 L\u00e4ndern zu Gast&#8220;<\/span><\/a><\/p>","protected":false},"author":1,"featured_media":244,"comment_status":"open","ping_status":"open","sticky":false,"template":"","format":"standard","meta":{"give_campaign_id":0,"footnotes":""},"categories":[1],"tags":[],"class_list":["post-242","post","type-post","status-publish","format-standard","has-post-thumbnail","hentry","category-uncategorized"],"_links":{"self":[{"href":"https:\/\/eurowerkstatt-jena.de\/en\/wp-json\/wp\/v2\/posts\/242","targetHints":{"allow":["GET"]}}],"collection":[{"href":"https:\/\/eurowerkstatt-jena.de\/en\/wp-json\/wp\/v2\/posts"}],"about":[{"href":"https:\/\/eurowerkstatt-jena.de\/en\/wp-json\/wp\/v2\/types\/post"}],"author":[{"embeddable":true,"href":"https:\/\/eurowerkstatt-jena.de\/en\/wp-json\/wp\/v2\/users\/1"}],"replies":[{"embeddable":true,"href":"https:\/\/eurowerkstatt-jena.de\/en\/wp-json\/wp\/v2\/comments?post=242"}],"version-history":[{"count":2,"href":"https:\/\/eurowerkstatt-jena.de\/en\/wp-json\/wp\/v2\/posts\/242\/revisions"}],"predecessor-version":[{"id":246,"href":"https:\/\/eurowerkstatt-jena.de\/en\/wp-json\/wp\/v2\/posts\/242\/revisions\/246"}],"wp:featuredmedia":[{"embeddable":true,"href":"https:\/\/eurowerkstatt-jena.de\/en\/wp-json\/wp\/v2\/media\/244"}],"wp:attachment":[{"href":"https:\/\/eurowerkstatt-jena.de\/en\/wp-json\/wp\/v2\/media?parent=242"}],"wp:term":[{"taxonomy":"category","embeddable":true,"href":"https:\/\/eurowerkstatt-jena.de\/en\/wp-json\/wp\/v2\/categories?post=242"},{"taxonomy":"post_tag","embeddable":true,"href":"https:\/\/eurowerkstatt-jena.de\/en\/wp-json\/wp\/v2\/tags?post=242"}],"curies":[{"name":"wp","href":"https:\/\/api.w.org\/{rel}","templated":true}]}}